{"id":985,"date":"2016-07-31T19:04:21","date_gmt":"2016-07-31T19:04:21","guid":{"rendered":"http:\/\/dignidadnacionalista.com\/?p=985"},"modified":"2016-07-31T19:33:20","modified_gmt":"2016-07-31T19:33:20","slug":"disertacion-sobre-militares-y-ajuste-fiscal","status":"publish","type":"post","link":"https:\/\/dignidadnacionalista.com\/?p=985","title":{"rendered":"Disertaci\u00f3n sobre Militares y Ajuste Fiscal"},"content":{"rendered":"<h5><span style=\"color: #000080;\">Disertaci\u00f3n sobre Militares y Ajuste Fiscal-Senador \u00c1lvaro Delgado\u00a0<\/span><\/h5>\n<p><span style=\"color: #000080;\">\u00a0Montevideo, 22 de julio de 2016<\/span><\/p>\n<p><span style=\"color: #000080;\"><strong>MILITARES Y AJUSTE FISCAL<\/strong> \u00a0En el Centro de Suboficiales, se realiz\u00f3 una disertaci\u00f3n sobre la situaci\u00f3n de las Fuerzas Armadas, a cargo del Senador \u00c1lvaro Delgado y del Coordinador de la Comisi\u00f3n sobre Fuerzas Armadas del Partido Nacional An\u00edbal Abreu. \u00a0El Senador resalt\u00f3: \u00a0\u201cEstamos trabajando con un equipo profesional para analizar objetivamente la situaci\u00f3n que afecta la instituci\u00f3n militar y la familia de los militares, no solamente como defensa nacional, si no sociol\u00f3gicamente es un tema que preocupa. El servicio de pasividades no es una caja, es una unidad ejecutora sin autonom\u00eda financiera\u201d. \u00a0An\u00edbal Abreu Coordinador de la Comisi\u00f3n del Partido Nacional que trata este tema, quien adem\u00e1s tiene la particularidad de ser retirado de la Fuerza A\u00e9rea declar\u00f3: \u00a0\u201cSobre el tema Fuerzas Armadas\u00a0 la discusi\u00f3n est\u00e1 en otro lado y no solamente en el ingrato e inconstitucional impuesto que le quieren imponer . La discusi\u00f3n est\u00e1 en:\u00bfQue Fuerzas Armadas quiere el Uruguay? \u00bfPorque es diferente el Estado Militar y su excepci\u00f3n en el estatuto del empleado p\u00fablico? \u00bfEs un gasto o una inversi\u00f3n social? \u00a0\u00bfCu\u00e1les son\u00a0 los planes de este gobierno con respecto a las FFAA? Se sigue apreciando este asunto desde la mirada de los militantes de izquierda de hace 40 a\u00f1os, que las\u00a0 ve\u00edan como amenaza a sus intereses y hoy quieren ver a la instituci\u00f3n\u00a0 cuanto m\u00e1s \u201cd\u00e9bil\u201d mejor\u2026 \u00bfEst\u00e1n las autoridades actuales en condiciones para abordar este tema con seriedad t\u00e9cnica y honestidad intelectual, y promover un an\u00e1lisis nacional con todas las fuerzas vivas, amplio y maduro? \u00a0No se sabe cu\u00e1l es la propuesta social y salarial de\u00a0 los legisladores del Frente Amplio que han arremetido tan ligeramente contra los m\u00e1s necesitados de las Fuerzas Armadas, hablo de los soldados y los discriminan. \u00a0Se miente cuando se afirma\u00a0 la posibilidad de retirarse con 20 a\u00f1os de servicio sin reparar en las razones que sustentan este marco de carrera y nada dicen de los 36 a\u00f1os de aportes a que est\u00e1n obligados (o m\u00e1s) todos sus integrantes. Se miente cuando se afirma que no pagan IASS o cuando lo comparan con una caja a sabiendas que es un servicio. Se miente cuando se dice\u00a0 que la relaci\u00f3n de activo \u2013 pasivo es de 4 a 1 y en realidad es de 2 a 1!.\u00a0 \u00a0La acci\u00f3n no puede estar englobada en el estigma de \u201csu\u00a0 imagen\u201d sobre las Fuerzas Armadas y hablan de privilegios que no son tales sino propios de una exigencia diferente en una carrera distinta en todo el mundo. Parecer\u00eda que es hora de dejar de lado prejuicios y comenzar como sociedad\u00a0 a discutir, analizar y defender el paradigma de las Fuerzas Armadas que queremos y nos merecemos como sociedad. El gobierno de izquierda se mira al espejo y se asombra de lo que ve, y habla de los m\u00e1s necesitados, pero solamente de una parte a la que descuidan bastante. Pero en la pr\u00e1ctica, lo que se observa es un ataque gratuito a quienes no van a responder por la misma v\u00eda a degradaciones conceptuales y morales dirigidas a\u00a0 la organizaci\u00f3n a la que est\u00e1n orgullosos de pertenecer: los militares en su conjunto.\u00a0 \u00a0Desde donde nos toque actuar, no claudicaremos ni\u00a0 callaremos en la defensa de la familia de los militares, que son tan necesitados como cualquier ciudadano y est\u00e1n tambi\u00e9n\u00a0 sumergidos . Parece que se ignora que el 60 % est\u00e1 bajo la l\u00ednea de pobreza tambi\u00e9n y menos del 30 % tiene vivienda propia. Pero parece ser que para algunos legisladores oficialistas no son menos iguales que los otros\u2026\u201d \u00a0\u00a0<\/span><\/p>\n<p>&nbsp;<\/p>\n","protected":false},"excerpt":{"rendered":"<p>Disertaci\u00f3n sobre Militares y Ajuste Fiscal-Senador \u00c1lvaro Delgado\u00a0 \u00a0Montevideo, 22 de julio de 2016 MILITARES Y AJUSTE FISCAL \u00a0En el Centro de Suboficiales, se realiz\u00f3 una disertaci\u00f3n sobre la situaci\u00f3n de las Fuerzas Armadas, a cargo del Senador \u00c1lvaro Delgado y del Coordinador de la Comisi\u00f3n sobre Fuerzas Armadas del Partido Nacional An\u00edbal Abreu. \u00a0El [&hellip;]<\/p>\n","protected":false},"author":1,"featured_media":986,"comment_status":"open","ping_status":"open","sticky":false,"template":"","format":"standard","meta":{"footnotes":""},"categories":[5],"tags":[],"class_list":["post-985","post","type-post","status-publish","format-standard","has-post-thumbnail","hentry","category-novedades-de-la-agrupacion"],"_links":{"self":[{"href":"https:\/\/dignidadnacionalista.com\/index.php?rest_route=\/wp\/v2\/posts\/985","targetHints":{"allow":["GET"]}}],"collection":[{"href":"https:\/\/dignidadnacionalista.com\/index.php?rest_route=\/wp\/v2\/posts"}],"about":[{"href":"https:\/\/dignidadnacionalista.com\/index.php?rest_route=\/wp\/v2\/types\/post"}],"author":[{"embeddable":true,"href":"https:\/\/dignidadnacionalista.com\/index.php?rest_route=\/wp\/v2\/users\/1"}],"replies":[{"embeddable":true,"href":"https:\/\/dignidadnacionalista.com\/index.php?rest_route=%2Fwp%2Fv2%2Fcomments&post=985"}],"version-history":[{"count":6,"href":"https:\/\/dignidadnacionalista.com\/index.php?rest_route=\/wp\/v2\/posts\/985\/revisions"}],"predecessor-version":[{"id":992,"href":"https:\/\/dignidadnacionalista.com\/index.php?rest_route=\/wp\/v2\/posts\/985\/revisions\/992"}],"wp:featuredmedia":[{"embeddable":true,"href":"https:\/\/dignidadnacionalista.com\/index.php?rest_route=\/wp\/v2\/media\/986"}],"wp:attachment":[{"href":"https:\/\/dignidadnacionalista.com\/index.php?rest_route=%2Fwp%2Fv2%2Fmedia&parent=985"}],"wp:term":[{"taxonomy":"category","embeddable":true,"href":"https:\/\/dignidadnacionalista.com\/index.php?rest_route=%2Fwp%2Fv2%2Fcategories&post=985"},{"taxonomy":"post_tag","embeddable":true,"href":"https:\/\/dignidadnacionalista.com\/index.php?rest_route=%2Fwp%2Fv2%2Ftags&post=985"}],"curies":[{"name":"wp","href":"https:\/\/api.w.org\/{rel}","templated":true}]}}