{"id":347,"date":"2013-03-04T20:46:36","date_gmt":"2013-03-04T20:46:36","guid":{"rendered":"http:\/\/dignidadnacionalista.com\/?p=347"},"modified":"2013-03-04T20:46:36","modified_gmt":"2013-03-04T20:46:36","slug":"reunion-de-mesa-ejecutiva","status":"publish","type":"post","link":"https:\/\/dignidadnacionalista.com\/?p=347","title":{"rendered":"Reuni\u00f3n de Mesa Ejecutiva"},"content":{"rendered":"<p>Amigos\/as de Dignidad Nacionalista :<\/p>\n<p>En el d\u00eda de ayer se reuni\u00f3 la mesa ejecutiva en nuestra sede de RIVERA y 2 de MAYO .<br \/>\nSe confirmo la Integraci\u00f3n de Ejecutivo de DN y la integraci\u00f3n de las Comisiones de la MESA TECNICA(coordinada por Bautista Etcheberry \/ Pablo Soto ) , y se realizaron informes en referencia a la\u00a0 Lista 403, identificadora de nuestra agrupaci\u00f3n. Y la satisfacci\u00f3n por el notorio crecimiento y apoyos recibidos.<\/p>\n<p>En lo referente a la Mesa t\u00e9cnica se informo sobre los proyectos en marcha. En particular la subcomisi\u00f3n sobre empresas presentado por Antonio Palermo .<\/p>\n<p>Acto seguido los delegados ante CRN realizaron una<span style=\"text-decoration: underline;\"> puesta a punto<\/span>\u00a0 sobre la situaci\u00f3n de nuestra Agrupaci\u00f3n en Concertaci\u00f3n Republicana Nacional y\u00a0 el Proyecto de campa\u00f1a de Dignidad Nacionalista. Se mociono un cuarto intermedio en lo que respecta\u00a0 a <em>futuras acciones <\/em>de campa\u00f1a y en lo referente a <em>nuevas alianzas<\/em> que fue aprobada por unanimidad.<\/p>\n<p>Por \u00faltimo el tesorero de DN , H\u00e9ctor Cardoso, realizo el informe del balance anual de la agrupaci\u00f3n. que fue aprobado junto con los gastos realizados en actividades de movilizaciones.<br \/>\nUna vez definida las futuras acciones, se trabajara sobre el proyecto de campa\u00f1a RUMBO A LAS INTERNAS\u00a0 y se acord\u00f3 realizar a mitad de a\u00f1o un Congreso de DIGNIDAD NACIONALISTA ,<\/p>\n<p>Atentos saludos<\/p>\n<p>An\u00edbal Abreu<\/p>\n<p><a href=\"http:\/\/www.dignidadnacionalista.com\" target=\"_blank\">www.dignidadnacionalista.com<\/a><\/p>\n","protected":false},"excerpt":{"rendered":"<p>Amigos\/as de Dignidad Nacionalista : En el d\u00eda de ayer se reuni\u00f3 la mesa ejecutiva en nuestra sede de RIVERA y 2 de MAYO . Se confirmo la Integraci\u00f3n de Ejecutivo de DN y la integraci\u00f3n de las Comisiones de la MESA TECNICA(coordinada por Bautista Etcheberry \/ Pablo Soto ) , y se realizaron informes [&hellip;]<\/p>\n","protected":false},"author":1,"featured_media":0,"comment_status":"open","ping_status":"open","sticky":false,"template":"","format":"standard","meta":{"footnotes":""},"categories":[1],"tags":[],"class_list":["post-347","post","type-post","status-publish","format-standard","hentry","category-uncategorized"],"_links":{"self":[{"href":"https:\/\/dignidadnacionalista.com\/index.php?rest_route=\/wp\/v2\/posts\/347","targetHints":{"allow":["GET"]}}],"collection":[{"href":"https:\/\/dignidadnacionalista.com\/index.php?rest_route=\/wp\/v2\/posts"}],"about":[{"href":"https:\/\/dignidadnacionalista.com\/index.php?rest_route=\/wp\/v2\/types\/post"}],"author":[{"embeddable":true,"href":"https:\/\/dignidadnacionalista.com\/index.php?rest_route=\/wp\/v2\/users\/1"}],"replies":[{"embeddable":true,"href":"https:\/\/dignidadnacionalista.com\/index.php?rest_route=%2Fwp%2Fv2%2Fcomments&post=347"}],"version-history":[{"count":2,"href":"https:\/\/dignidadnacionalista.com\/index.php?rest_route=\/wp\/v2\/posts\/347\/revisions"}],"predecessor-version":[{"id":349,"href":"https:\/\/dignidadnacionalista.com\/index.php?rest_route=\/wp\/v2\/posts\/347\/revisions\/349"}],"wp:attachment":[{"href":"https:\/\/dignidadnacionalista.com\/index.php?rest_route=%2Fwp%2Fv2%2Fmedia&parent=347"}],"wp:term":[{"taxonomy":"category","embeddable":true,"href":"https:\/\/dignidadnacionalista.com\/index.php?rest_route=%2Fwp%2Fv2%2Fcategories&post=347"},{"taxonomy":"post_tag","embeddable":true,"href":"https:\/\/dignidadnacionalista.com\/index.php?rest_route=%2Fwp%2Fv2%2Ftags&post=347"}],"curies":[{"name":"wp","href":"https:\/\/api.w.org\/{rel}","templated":true}]}}