{"id":1571,"date":"2025-09-04T23:47:58","date_gmt":"2025-09-04T23:47:58","guid":{"rendered":"http:\/\/dignidadnacionalista.com\/?p=1571"},"modified":"2025-09-17T11:45:35","modified_gmt":"2025-09-17T11:45:35","slug":"plenario","status":"publish","type":"post","link":"https:\/\/dignidadnacionalista.com\/?p=1571","title":{"rendered":"Plenario 27 de setiembre 2025"},"content":{"rendered":"<p><a href=\"http:\/\/dignidadnacionalista.com\/wp-content\/uploads\/2025\/09\/dig_001.jpeg\" rel=\"lightbox[1571]\"><img loading=\"lazy\" decoding=\"async\" class=\"wp-image-1588 size-full aligncenter\" src=\"http:\/\/dignidadnacionalista.com\/wp-content\/uploads\/2025\/09\/dig_001.jpeg\" alt=\"dig_001\" width=\"694\" height=\"461\" srcset=\"https:\/\/dignidadnacionalista.com\/wp-content\/uploads\/2025\/09\/dig_001.jpeg 694w, https:\/\/dignidadnacionalista.com\/wp-content\/uploads\/2025\/09\/dig_001-300x199.jpeg 300w\" sizes=\"auto, (max-width: 694px) 100vw, 694px\" \/><\/a><\/p>\n<h2 style=\"text-align: center;\">\u00a0\u00a0<span style=\"color: #000080;\">Plenario<\/span><\/h2>\n<h2 style=\"text-align: center;\"><span style=\"color: #000080;\">S\u00e1bado 27 de septiembre a las 9:00 Hrs. <\/span><\/h2>\n<h2 style=\"text-align: center;\"><span style=\"color: #000080;\">Agrupaci\u00f3n Realiza el plenario,<\/span><\/h2>\n<h2 style=\"text-align: center;\"><span style=\"color: #000080;\">( Desayuno de trabajo)<\/span><\/h2>\n<h2 style=\"text-align: center;\"><span style=\"color: #000080;\"> para la resoluci\u00f3n de grandes temas actuales<\/span><\/h2>\n<h2 style=\"text-align: center;\"><span style=\"color: #000080;\"> y de autocr\u00edtica.<\/span><\/h2>\n<h2 style=\"text-align: center;\"><span style=\"color: #000080;\"> Lugar: &#8220;CLUB LAYVA&#8221;<\/span><\/h2>\n<h2 style=\"text-align: center;\"><span style=\"color: #000080;\">(Julio Cesar 1466 &#8211; a una cuadra de Rivera). <\/span><\/h2>\n<h2 style=\"text-align: center;\"><span style=\"color: #000080;\">Orden del D\u00eda:<\/span><\/h2>\n<ul>\n<li>\n<h2><span style=\"color: #000080;\">Confirmaci\u00f3n de autoridades.<\/span><\/h2>\n<\/li>\n<li>\n<h2><span style=\"color: #000080;\">Definir futuro rol de Dignidad Nacionalista<\/span><\/h2>\n<h2><span style=\"color: #000080;\"> dentro del Partido Nacional.<\/span><\/h2>\n<\/li>\n<li>\n<h2><span style=\"color: #000080;\">Autocr\u00edtica y propuestas.<\/span><\/h2>\n<\/li>\n<\/ul>\n<h3 style=\"text-align: center;\"><span style=\"color: #000080;\">Los esperamos, es muy importante vuestra presencia con Dignidad.<\/span><\/h3>\n<h3 style=\"text-align: center;\"><span style=\"color: #000080;\"> Anibal V.Abreu<\/span><\/h3>\n<p>&nbsp;<\/p>\n<p>&nbsp;<\/p>\n","protected":false},"excerpt":{"rendered":"<p>\u00a0\u00a0Plenario S\u00e1bado 27 de septiembre a las 9:00 Hrs. Agrupaci\u00f3n Realiza el plenario, ( Desayuno de trabajo) para la resoluci\u00f3n de grandes temas actuales y de autocr\u00edtica. Lugar: &#8220;CLUB LAYVA&#8221; (Julio Cesar 1466 &#8211; a una cuadra de Rivera). Orden del D\u00eda: Confirmaci\u00f3n de autoridades. Definir futuro rol de Dignidad Nacionalista dentro del Partido Nacional. [&hellip;]<\/p>\n","protected":false},"author":1,"featured_media":0,"comment_status":"open","ping_status":"open","sticky":false,"template":"","format":"standard","meta":{"footnotes":""},"categories":[1],"tags":[],"class_list":["post-1571","post","type-post","status-publish","format-standard","hentry","category-uncategorized"],"_links":{"self":[{"href":"https:\/\/dignidadnacionalista.com\/index.php?rest_route=\/wp\/v2\/posts\/1571","targetHints":{"allow":["GET"]}}],"collection":[{"href":"https:\/\/dignidadnacionalista.com\/index.php?rest_route=\/wp\/v2\/posts"}],"about":[{"href":"https:\/\/dignidadnacionalista.com\/index.php?rest_route=\/wp\/v2\/types\/post"}],"author":[{"embeddable":true,"href":"https:\/\/dignidadnacionalista.com\/index.php?rest_route=\/wp\/v2\/users\/1"}],"replies":[{"embeddable":true,"href":"https:\/\/dignidadnacionalista.com\/index.php?rest_route=%2Fwp%2Fv2%2Fcomments&post=1571"}],"version-history":[{"count":25,"href":"https:\/\/dignidadnacionalista.com\/index.php?rest_route=\/wp\/v2\/posts\/1571\/revisions"}],"predecessor-version":[{"id":1601,"href":"https:\/\/dignidadnacionalista.com\/index.php?rest_route=\/wp\/v2\/posts\/1571\/revisions\/1601"}],"wp:attachment":[{"href":"https:\/\/dignidadnacionalista.com\/index.php?rest_route=%2Fwp%2Fv2%2Fmedia&parent=1571"}],"wp:term":[{"taxonomy":"category","embeddable":true,"href":"https:\/\/dignidadnacionalista.com\/index.php?rest_route=%2Fwp%2Fv2%2Fcategories&post=1571"},{"taxonomy":"post_tag","embeddable":true,"href":"https:\/\/dignidadnacionalista.com\/index.php?rest_route=%2Fwp%2Fv2%2Ftags&post=1571"}],"curies":[{"name":"wp","href":"https:\/\/api.w.org\/{rel}","templated":true}]}}