{"id":150,"date":"2012-07-14T13:51:12","date_gmt":"2012-07-14T13:51:12","guid":{"rendered":"http:\/\/dignidadnacionalista.com\/?p=150"},"modified":"2012-07-14T13:51:12","modified_gmt":"2012-07-14T13:51:12","slug":"proyecto-de-delito-de-picadas-clandestinas","status":"publish","type":"post","link":"https:\/\/dignidadnacionalista.com\/?p=150","title":{"rendered":"Proyecto de Delito de Picadas Clandestinas"},"content":{"rendered":"<h3><span style=\"color: #0000ff;\">Concertaci\u00f3n Nacional Republicana<\/span><\/h3>\n<h3><span style=\"color: #0000ff;\">Senador Don Jorge Saravia,<\/span><\/h3>\n<h3><span style=\"color: #0000ff;\">Estimado L\u00edder y Correligionario,<\/span><\/h3>\n<h3><span style=\"color: #0000ff;\">Proyecto de Delito de Picadas Clandestinas<\/span><\/h3>\n<p>&nbsp;<\/p>\n<p><span style=\"color: #0000ff;\"><strong>VISTO:<\/strong> La enorme cantidad de accidentes de tr\u00e1nsito, ocurridas bajo la modalidad de picadas NO autorizadas por la Autoridad competente;<\/span><\/p>\n<p><span style=\"color: #0000ff;\">La Crisis educativa, sumada a la ausencia de controles, que han viabilizado este tipo de pr\u00e1cticas nocivas para la Sociedad toda;<\/span><\/p>\n<p><span style=\"color: #0000ff;\">La ausencia de modelos de referencia, para aquellos que deciden poner en juego su vida \u2013 y la de terceros, dada la baja o nula ponderaci\u00f3n de los valores vida-integridad f\u00edsica, en busca de un desborde de adrenalina;<\/span><\/p>\n<p><span style=\"color: #0000ff;\"><strong>CONSIDERANDO:<\/strong>\u00a0 Que no es \u00e9sta, una realidad propia en exclusiva de nuestra Rep\u00fablica;<\/span><\/p>\n<p><span style=\"color: #0000ff;\">Que otros pa\u00edses, han recabado en su Orden Jur\u00eddico, una soluci\u00f3n punitiva al respecto;<\/span><\/p>\n<p><span style=\"color: #0000ff;\">La hermana Rep\u00fablica Argentina \u2013 con un sistema franc\u00e9s y s\u00edmil al nuestro, ha instaurado por Ley 26.362, el art\u00edculo 193 bis del C\u00f3digo Penal, \u00a0que reza: &#8220;Ser\u00e1 reprimido con prisi\u00f3n de seis meses a tres a\u00f1os e inhabilitaci\u00f3n especial para conducir, por el doble del tiempo de la condena, el conductor que creare una situaci\u00f3n de peligro para la vida o la integridad f\u00edsica de las personas, mediante la participaci\u00f3n en una prueba de velocidad o de destreza con un veh\u00edculo automotor, realizada sin la debida autorizaci\u00f3n de la autoridad competente;\u00a0<\/span><\/p>\n<p><span style=\"color: #0000ff;\">La misma pena aplica para quien organice o promocione la conducta prevista en el art\u00edculo, o posibilite su realizaci\u00f3n por un tercero mediante la entrega de un veh\u00edculo de su propiedad o confiado a su custodia, sabiendo que ser\u00e1 utilizado para ese fin\u201d;<\/span><\/p>\n<p><span style=\"color: #0000ff;\">Que si bien, se est\u00e1 ante una realidad carcelaria, que no resiste el env\u00edo de cantidades significativas de reclusos a su sistema;<\/span><\/p>\n<p><span style=\"color: #0000ff;\">Y que a su vez, se debe poner coto, a una conducta de delito de peligro \u2013 a t\u00edtulo de dolo eventual, en la que los autores, tienen en sus trastornadas psiquis, la previsi\u00f3n\u00a0 de poner en riesgo la vida de terceros ajenos a estos hechos;<\/span><\/p>\n<p><span style=\"color: #0000ff;\">La existencia de todo un mercado que se ha desarrollado en funci\u00f3n, de la modificaci\u00f3n de veh\u00edculos automotores, a los fines de aumentar prestaciones;<\/span><\/p>\n<p><span style=\"color: #0000ff;\">Junto a la coparticipaci\u00f3n de \u201cfacilitadores\u201d de estas \u201creuniones\u201d clandestinas;<\/span><\/p>\n<p><span style=\"color: #0000ff;\">La ineficacia de circuitos alternativos autorizados, para este tipo de actividades;<\/span><\/p>\n<p><span style=\"color: #0000ff;\">Los extremos punitivos como el del\u00a0 Homicidio culposo;<\/span><\/p>\n<p><span style=\"color: #0000ff;\">Y la presentaci\u00f3n de la propuesta respectiva, por parte del compa\u00f1ero Legislador Don Carmelo Vidal\u00edn, que consideramos buena, pero laxa y en exceso, piadosa al ser pasible de excarcelaci\u00f3n en todos los casos;<\/span><\/p>\n<p><span style=\"color: #0000ff;\">Que el resultado muerte y\/o incapacidad superviniente de las v\u00edctimas de estas actividades &#8211; con las l\u00f3gicas consecuencias civiles para las familias de los damnificados, es en exceso grave;<\/span><\/p>\n<p><span style=\"color: #0000ff;\">Sin abandonar los Institutos de las Medidas\u00a0 Preventivas\/Sustitutivas, en el esp\u00edritu de reeducar a quienes incurren en estas conductas;<\/span><\/p>\n<p><span style=\"color: #0000ff;\">Y los esfuerzos de las Intendencias, Ministerio del Interior y UNASEV;<\/span><\/p>\n<p><span style=\"color: #0000ff;\"><strong>RESULTANDO: <\/strong>La inviabilidad de prever o detener, la concertaci\u00f3n de esta clase de \u201ccitas con la muerte\u201d, dada su convocatoria por la web o v\u00eda mensajer\u00eda telef\u00f3nica m\u00f3vil;<\/span><\/p>\n<p><span style=\"color: #0000ff;\"><strong>ATENTO:<\/strong>\u00a0 a lo expuesto precedentemente, y a lo previsto por Ley 17.726 &#8211;\u00a0 en lo concerniente,<\/span><\/p>\n<p><span style=\"color: #0000ff;\"><strong><span style=\"text-decoration: underline;\">LA MESA EJECUTIVA DE DIGNIDAD NACIONALISTA <\/span><\/strong><\/span><\/p>\n<p><span style=\"color: #0000ff;\"><strong>\u00a0\u00a0\u00a0\u00a0\u00a0\u00a0\u00a0\u00a0\u00a0\u00a0\u00a0\u00a0 \u00a0\u00a0\u00a0\u00a0\u00a0\u00a0 <span style=\"text-decoration: underline;\">RESUELVE:<\/span><\/strong><\/span><\/p>\n<p><span style=\"color: #0000ff;\">Sugerir al Compa\u00f1ero y L\u00edder de CRN, la inclusi\u00f3n del siguiente tipo delictual:<\/span><\/p>\n<p><span style=\"color: #0000ff;\"><strong>C\u00f3digo Penal art.207 BIS: \u201cPicadas Clandestinas\u201d. \u201cEl conductor de cualquier clase de veh\u00edculo automotor, que creare una situaci\u00f3n de peligro para la vida o la integridad f\u00edsica de las personas,\u00a0 mediante la participaci\u00f3n en una prueba de velocidad o de destreza, realizada sin la debida autorizaci\u00f3n de la autoridad competente, ser\u00e1 castigado con 18 meses de prisi\u00f3n \u00a0a 3 a\u00f1os de penitenciar\u00eda, e inhabilitaci\u00f3n especial para conducir por hasta 24 meses.<\/strong><\/span><\/p>\n<p><span style=\"color: #0000ff;\"><strong>El Magistrado podr\u00e1 aplicar \u2013 acorde las circunstancias, lo previsto en art.3\u00b0 Ley 17.726.<\/strong><\/span><\/p>\n<p><span style=\"color: #0000ff;\"><strong>En los casos con resultado muerte o incapacidad definitiva de terceros, el m\u00ednimo ser\u00e1 de 2 a\u00f1os.<\/strong><\/span><\/p>\n<p><span style=\"color: #0000ff;\"><strong>Aquellos que faciliten, promocionen u organicen dichos eventos, no podr\u00e1n gozar la aplicaci\u00f3n del Instituto previsto por la Ley rese\u00f1ada, siendo el m\u00ednimo de punibilidad el de penitenciar\u00eda; siendo pasibles de aplicaci\u00f3n asimismo, la inhabilitaci\u00f3n prevista en el primer inciso\u201d.<\/strong><\/span><\/p>\n<p><span style=\"color: #0000ff;\">Atte.,<\/span><\/p>\n<p><span style=\"color: #0000ff;\">Dr. Pablo Daniel Soto<\/span><\/p>\n<p>&nbsp;<\/p>\n<p><span style=\"color: #0000ff;\">Lic. Anibal V. Abreu<\/span><\/p>\n<p><span style=\"color: #0000ff;\">Presidente<\/span><\/p>\n<p><span style=\"color: #0000ff;\">DIGNIDAD NACIONALISTA<\/span><\/p>\n<p><a href=\"http:\/\/www.dignidadnacionalista.com\">www.dignidadnacionalista.com<\/a><\/p>\n","protected":false},"excerpt":{"rendered":"<p>Concertaci\u00f3n Nacional Republicana Senador Don Jorge Saravia, Estimado L\u00edder y Correligionario, Proyecto de Delito de Picadas Clandestinas &nbsp; VISTO: La enorme cantidad de accidentes de tr\u00e1nsito, ocurridas bajo la modalidad de picadas NO autorizadas por la Autoridad competente; La Crisis educativa, sumada a la ausencia de controles, que han viabilizado este tipo de pr\u00e1cticas nocivas [&hellip;]<\/p>\n","protected":false},"author":1,"featured_media":0,"comment_status":"open","ping_status":"open","sticky":false,"template":"","format":"standard","meta":{"footnotes":""},"categories":[10],"tags":[],"class_list":["post-150","post","type-post","status-publish","format-standard","hentry","category-compromiso"],"_links":{"self":[{"href":"https:\/\/dignidadnacionalista.com\/index.php?rest_route=\/wp\/v2\/posts\/150","targetHints":{"allow":["GET"]}}],"collection":[{"href":"https:\/\/dignidadnacionalista.com\/index.php?rest_route=\/wp\/v2\/posts"}],"about":[{"href":"https:\/\/dignidadnacionalista.com\/index.php?rest_route=\/wp\/v2\/types\/post"}],"author":[{"embeddable":true,"href":"https:\/\/dignidadnacionalista.com\/index.php?rest_route=\/wp\/v2\/users\/1"}],"replies":[{"embeddable":true,"href":"https:\/\/dignidadnacionalista.com\/index.php?rest_route=%2Fwp%2Fv2%2Fcomments&post=150"}],"version-history":[{"count":2,"href":"https:\/\/dignidadnacionalista.com\/index.php?rest_route=\/wp\/v2\/posts\/150\/revisions"}],"predecessor-version":[{"id":152,"href":"https:\/\/dignidadnacionalista.com\/index.php?rest_route=\/wp\/v2\/posts\/150\/revisions\/152"}],"wp:attachment":[{"href":"https:\/\/dignidadnacionalista.com\/index.php?rest_route=%2Fwp%2Fv2%2Fmedia&parent=150"}],"wp:term":[{"taxonomy":"category","embeddable":true,"href":"https:\/\/dignidadnacionalista.com\/index.php?rest_route=%2Fwp%2Fv2%2Fcategories&post=150"},{"taxonomy":"post_tag","embeddable":true,"href":"https:\/\/dignidadnacionalista.com\/index.php?rest_route=%2Fwp%2Fv2%2Ftags&post=150"}],"curies":[{"name":"wp","href":"https:\/\/api.w.org\/{rel}","templated":true}]}}