{"id":145,"date":"2012-07-12T09:55:44","date_gmt":"2012-07-12T09:55:44","guid":{"rendered":"http:\/\/dignidadnacionalista.com\/?p=145"},"modified":"2012-07-12T09:57:03","modified_gmt":"2012-07-12T09:57:03","slug":"nuestra-propuesta","status":"publish","type":"post","link":"https:\/\/dignidadnacionalista.com\/?p=145","title":{"rendered":"Nuestra Propuesta"},"content":{"rendered":"<h3><strong><span style=\"color: #0000ff;\">\u00a0 De nuestra mayor consideraci\u00f3n,<\/span><\/strong><\/h3>\n<p><span style=\"color: #0000ff;\">La \u00a0Mesa Ejecutiva de la Agrupaci\u00f3n Dignidad Nacionalista agrupaci\u00f3n del Partido Nacional , expresan los siguientes puntos \u00a0, que de compartirse se pretende integre \u00a0las bases de los objetivos de nuestro partido en la campa\u00f1a para las internas:<\/span><\/p>\n<p><span style=\"color: #0000ff;\">El Partido Nacional\u00a0 aparece en el firmamento pol\u00edtico, como la fuerza del cambio y <strong><em>DIGNIDAD NACIONALISTA como un instrumento de un nuevo Rumbo Blanco <\/em><\/strong>. El pueblo uruguayo est\u00e1 agobiado por enormidad de\u00a0 aspectos, que lo golpean a diario y nadie, menos a\u00fan el gobierno dan respuestas.<\/span><\/p>\n<p><span style=\"color: #0000ff;\">As\u00ed, entre otros aspectos a tener en cuenta, es que carecemos de seguridad. La delincuencia domina las calles de nuestras ciudades. Las fuerzas del Orden P\u00fablico no solo carecen de recursos, sino de respaldo y de un sueldo decoroso. Entonces: como pretender de ellas, que cumplan el alto cometido asignado constitucionalmente, si la mayor\u00eda de sus integrantes est\u00e1n marginados, en toda la extensi\u00f3n de la palabra.<\/span><\/p>\n<p><span style=\"color: #0000ff;\">Si el PN, tiene como finalidad adoptar una conducta seria y responsable, pretendemos que se analicen algunos de estos aspectos, que sin duda, puestos en conocimiento p\u00fablico, lo engrandecen y abren enorme futuro a las puertas de las elecciones de mayor importancia de los \u00faltimos 40 a\u00f1os.\u00a0 Sin necesidad de apelar al agravio, destratos, marchas y contramarchas por los discursos y dando respuestas a quienes nada ofrecen.<\/span><\/p>\n<p><span style=\"color: #0000ff;\">&#8211;\u00a0\u00a0\u00a0\u00a0\u00a0\u00a0 Es para nosotros muy importante contribuir \u00a0con toda claridad para el establecimiento de \u00a0un \u00a0<strong>Plan de Gobierno<\/strong>, para que la sociedad toda, lo conozca y lo discuta, a saber :<\/span><\/p>\n<p><span style=\"color: #0000ff;\">&#8211;\u00a0\u00a0\u00a0\u00a0\u00a0\u00a0 <strong><span style=\"text-decoration: underline;\">Seguridad Publica:<\/span><\/strong><strong> <\/strong>\u00a0Es necesario implementar\u00a0 un \u00a0Proyecto de Seguridad Publica, aspecto que al decir de nuestro procer: \u201cNo admite la menor demora\u201d. En este aspecto apoyamos el proyecto presentado por el Senador Saravia a nuestro Presidente Mujica. Y adem\u00e1s agregamos algunos aspectos relevantes para\u00a0 el r\u00e9gimen de las personas privadas de libertad que oriente el trabajo de recuperaci\u00f3n al respeto por los valores libertad y el respeto y derecho a la vida.<\/span><\/p>\n<p><span style=\"color: #0000ff;\">&#8211;\u00a0\u00a0\u00a0\u00a0\u00a0\u00a0 <strong><span style=\"text-decoration: underline;\">Educacion &#8211; <\/span><\/strong><strong>\u00a0<\/strong>Es urgente despolitizar la educaci\u00f3n en todos sus \u00e1mbitos, el proyecto educativo debe constituirse en uno de los principales objetivos nacionales independientemente de las ideolog\u00edas de turno. Es menester demostrar que el PN tiene un elevado nivel cultural e intelectual y ponerlo en evidencia;<\/span><\/p>\n<p><span style=\"color: #0000ff;\">&#8211;\u00a0\u00a0\u00a0\u00a0\u00a0\u00a0 <strong><span style=\"text-decoration: underline;\">El pa\u00eds de Primera &#8211; productivo<\/span><\/strong> .-\u00a0 Desenmascarar el doble discurso acerca de la propiedad de campos, cuando ellos aprobaron la titularidad en manos de SA con t\u00edtulos al portador; y hoyrecargan a la tabla salvadora de siempre: el campo.<\/span><\/p>\n<p><span style=\"color: #0000ff;\">&#8211;\u00a0\u00a0\u00a0\u00a0\u00a0\u00a0 <strong><span style=\"text-decoration: underline;\">Libertad de prensa<\/span><\/strong>.- Defender a ultranza la libertad de prensa y todas las libertades . Como el caso del Decreto de Protecci\u00f3n al Menor que , incluyendo a los noticieros por lo que ahora tendr\u00e1n censura previa.<\/span><\/p>\n<p><span style=\"color: #0000ff;\">&#8211;\u00a0\u00a0\u00a0\u00a0\u00a0\u00a0 Debemos establecer las innumerables promesas preelectorales del FA, incumplidas;<\/span><\/p>\n<p><span style=\"color: #0000ff;\">&#8211;\u00a0\u00a0\u00a0\u00a0\u00a0\u00a0 Nuestra colectividad\u00a0 no ha adoptado el rol protag\u00f3nico que las circunstancias y la oportunidad hist\u00f3rica requieren. Luego de una estrategia m\u00e1s que exitosa llevada a cabo para las internas<\/span><\/p>\n<p><span style=\"color: #0000ff;\">&#8211;\u00a0\u00a0\u00a0\u00a0\u00a0\u00a0 Percibimos que Partido todo, no est\u00e1 desarrollando en su totalidad la campa\u00f1a de propuestas y formulaciones claras y concisas de lo que se va a hacer una vez llegado al gobierno.<\/span><\/p>\n<p><span style=\"color: #0000ff;\">&#8211;\u00a0\u00a0\u00a0\u00a0\u00a0\u00a0 Poner al alcance del ciudadano, por todo medio legitimo, como recibieron el erario p\u00fablico, como mejoro el pa\u00eds con la exportaci\u00f3n\u00a0 y adonde fueron a parar esos recursos. Marcar con claridad, lo que no han realizado en materia de infraestructura y viviendas;<\/span><\/p>\n<p><span style=\"color: #0000ff;\">&#8211;\u00a0\u00a0\u00a0\u00a0\u00a0\u00a0 Porqu\u00e9, con todo a su alcance no han logrado objetivos, contando adem\u00e1s con mayor\u00eda parlamentaria y administrativa;<\/span><\/p>\n<p><span style=\"color: #0000ff;\">&#8211;\u00a0\u00a0\u00a0\u00a0\u00a0\u00a0 Analizar \u00a0las innumerables leyes votadas a tapa cerrada, sin discusi\u00f3n alguna e ignorando a la oposici\u00f3n ya sus propios legisladores<\/span><\/p>\n<p><span style=\"color: #0000ff;\">&#8211;\u00a0\u00a0\u00a0\u00a0\u00a0\u00a0 Demostrar ante\u00a0 ante todos, en especial ante los que le prestaron el voto a este gobierno, que esta opci\u00f3n resulto ser una mas, conmayores defectos que los gobiernos anteriores . Mostrando el grado de imperfecci\u00f3ny desprolijidades en la gesti\u00f3n : ll\u00e1mese el\u00a0\u00a0 caso BENGOA; HOSPITAL MACIEL; FALSAS DECLARACION DE BIENES; COMPRAS DIRECTAS IGNORANDO LAS LICITACIONES; CONCURSOS DE INGRESO A LA ADM. ARREGLADOS;\u00a0 CONDUCTAS DE HOMBRES DE GOBIERNO QUE REALIZAN ACTIVIDAD PROSELITISTA -INCLUSO EL SR. PTE. DE LA REPCA. PROMOVIENDOSE EN EL EXTERIOR PARA 2014 y HACIENDOCAMPA\u00d1A POR SU PARTIDO, EN EL PAIS Y FUERA DE EL;\u00a0 PRESIDENCIABLE EN PLENA CAMPANA Y EN EJERCICIO DEL CARGO DE SENADOR;\u00a0 ACTITUDES EN ARGENTINA QUE HAN DEJADO MAL PARADO AL POR EL PRESIDENCIABLE DEL FA; y mas cercano Pluna , pol\u00edtica en el Mercosur , Aratiri entre otros.<\/span><\/p>\n<p>&nbsp;<\/p>\n<p><span style=\"color: #0000ff;\">&#8211;\u00a0\u00a0\u00a0\u00a0\u00a0\u00a0 Pretendemos que la opini\u00f3n p\u00fablica vislumbre al PARTIDO NACIONAL \u00a0como el gran referente de cambio (cambio real ) sobre la base del pa\u00eds que ya construyeron los uruguayos con el sudor de su frente y con los partidos tradicionales, sin promesas fant\u00e1sticas ni orientales distintos que iban a cambiar todo y no paso nada\u2026. ,<\/span><\/p>\n<p>&nbsp;<\/p>\n<p><span style=\"color: #0000ff;\">&#8211;\u00a0\u00a0\u00a0\u00a0\u00a0\u00a0 Los \u00a0indecisos y el voto silencioso necesita escuchar y razonar , el llamado voto opini\u00f3n ser\u00e1 quien \u00a0va a resolver en las urnas nuestro pr\u00f3ximo Gobierno, es nuestra obligaci\u00f3n abrir las mentes y la mirada a la realidad, el voto rom\u00e1ntico ya vimos que es una t\u00f3mbola, ahora \u201c pensemos y trabajemos para el pa\u00eds\u201d \u00a0.<\/span><\/p>\n<p>&nbsp;<\/p>\n<p><span style=\"color: #0000ff;\">&#8211;\u00a0\u00a0\u00a0\u00a0\u00a0\u00a0 &#8211; Se\u00f1alar y remarcar ,intentando responder , sobre el constante doble discurso de la f\u00f3rmula de izquierda, y sus sistem\u00e1ticos\u00a0 enga\u00f1os a la opini\u00f3n p\u00fablica; Cual es el pa\u00eds que quiere este Gobierno \u00bf el de Astori o el de Mujica?<\/span><\/p>\n<p>&nbsp;<\/p>\n<p><span style=\"color: #0000ff;\">&#8211;\u00a0\u00a0\u00a0\u00a0\u00a0\u00a0 Creemos que debemos mostrar estos aspectos, fehacientemente, si es necesario puerta a puerta, sea por folleter\u00eda u otros, as\u00ed como las diferencias enormes, entre el gobierno nacionalista 1990 &#8211; 1995 y el actual.<\/span><\/p>\n<p><span style=\"color: #0000ff;\">&#8211;\u00a0 El momento hist\u00f3rico est\u00e1 planteado. Ser\u00eda imperdonable no trabajar \u00a0para rescatar al pa\u00eds de una eterna noche en la cual se sumir\u00eda de continuar la Izquierda en el poder.<\/span><\/p>\n<p><span style=\"color: #0000ff;\">Nuestro inter\u00e9s, es el de todos y sometemos al \u00a0elevado criterio del ciudadano com\u00fan el presente enunciado .<\/span><br \/>\n<span style=\"color: #0000ff;\"> Quedando a vuestras gratas \u00f3rdenes, saludan atte.<\/span><\/p>\n<p><span style=\"color: #0000ff;\">Por\u00a0 Dignidad Nacionalista\u00a0\u00a0\u00a0<\/span><\/p>\n<p><span style=\"color: #0000ff;\">Mesa Ejecutiva<\/span><\/p>\n<p><span style=\"color: #0000ff;\">An\u00edbal V Abreu<\/span><\/p>\n","protected":false},"excerpt":{"rendered":"<p>\u00a0 De nuestra mayor consideraci\u00f3n, La \u00a0Mesa Ejecutiva de la Agrupaci\u00f3n Dignidad Nacionalista agrupaci\u00f3n del Partido Nacional , expresan los siguientes puntos \u00a0, que de compartirse se pretende integre \u00a0las bases de los objetivos de nuestro partido en la campa\u00f1a para las internas: El Partido Nacional\u00a0 aparece en el firmamento pol\u00edtico, como la fuerza del [&hellip;]<\/p>\n","protected":false},"author":1,"featured_media":0,"comment_status":"open","ping_status":"open","sticky":false,"template":"","format":"standard","meta":{"footnotes":""},"categories":[10],"tags":[],"class_list":["post-145","post","type-post","status-publish","format-standard","hentry","category-compromiso"],"_links":{"self":[{"href":"https:\/\/dignidadnacionalista.com\/index.php?rest_route=\/wp\/v2\/posts\/145","targetHints":{"allow":["GET"]}}],"collection":[{"href":"https:\/\/dignidadnacionalista.com\/index.php?rest_route=\/wp\/v2\/posts"}],"about":[{"href":"https:\/\/dignidadnacionalista.com\/index.php?rest_route=\/wp\/v2\/types\/post"}],"author":[{"embeddable":true,"href":"https:\/\/dignidadnacionalista.com\/index.php?rest_route=\/wp\/v2\/users\/1"}],"replies":[{"embeddable":true,"href":"https:\/\/dignidadnacionalista.com\/index.php?rest_route=%2Fwp%2Fv2%2Fcomments&post=145"}],"version-history":[{"count":3,"href":"https:\/\/dignidadnacionalista.com\/index.php?rest_route=\/wp\/v2\/posts\/145\/revisions"}],"predecessor-version":[{"id":147,"href":"https:\/\/dignidadnacionalista.com\/index.php?rest_route=\/wp\/v2\/posts\/145\/revisions\/147"}],"wp:attachment":[{"href":"https:\/\/dignidadnacionalista.com\/index.php?rest_route=%2Fwp%2Fv2%2Fmedia&parent=145"}],"wp:term":[{"taxonomy":"category","embeddable":true,"href":"https:\/\/dignidadnacionalista.com\/index.php?rest_route=%2Fwp%2Fv2%2Fcategories&post=145"},{"taxonomy":"post_tag","embeddable":true,"href":"https:\/\/dignidadnacionalista.com\/index.php?rest_route=%2Fwp%2Fv2%2Ftags&post=145"}],"curies":[{"name":"wp","href":"https:\/\/api.w.org\/{rel}","templated":true}]}}