{"id":1426,"date":"2019-10-04T19:11:06","date_gmt":"2019-10-04T19:11:06","guid":{"rendered":"http:\/\/dignidadnacionalista.com\/?p=1426"},"modified":"2019-10-04T19:30:09","modified_gmt":"2019-10-04T19:30:09","slug":"delegados","status":"publish","type":"post","link":"https:\/\/dignidadnacionalista.com\/?p=1426","title":{"rendered":"DELEGADOS"},"content":{"rendered":"<p><span style=\"color: #333399;\">NOS NECESITAMOS!<\/span><br \/>\n<span style=\"color: #333399;\">El pr\u00f3ximo domingo 27 de octubre ser\u00e1 uno de los momentos m\u00e1s relevantes de sus \u00faltimos a\u00f1os de democracia .<\/span><br \/>\n<span style=\"color: #333399;\">Estamos en un Partido Nacional fuerte y unido.<\/span><br \/>\n<span style=\"color: #333399;\"> Estar\u00e1 decidi\u00e9ndose el gobierno de los pr\u00f3ximos cinco a\u00f1os y por ello el futuro de la Rep\u00fablica.<\/span><br \/>\n<span style=\"color: #333399;\">Por eso necesitamos celosos y atentos defensores de cada uno de los votos, hablamos de delegados generales partidarios, representantes y vigilantes por nuestro Partido.<\/span><br \/>\n<span style=\"color: #333399;\">La funci\u00f3n del DELEGADO es de sustantiva importancia, somos la gran de las garant\u00eda electoral en cada uno de los circuitos. <\/span><br \/>\n<span style=\"color: #333399;\">Es la gran defensa de los derechos partidarios y las garant\u00edas constitucionales.<\/span><\/p>\n<p><span style=\"color: #333399;\">Por lo expuesto te necesitamos como DELEGADO en las pr\u00f3ximas elecciones nacionales del 27 de octubre.<\/span><br \/>\n<span style=\"color: #333399;\">Es un d\u00eda para nosotros y son 4 a\u00f1os para el pa\u00eds . <\/span><br \/>\n<span style=\"color: #333399;\">Es un d\u00eda, que pueden significar muchos a\u00f1os &#8230; <\/span><br \/>\n<span style=\"color: #333399;\">Es un d\u00eda para nosotros que puede significar una eternidad para la Rep\u00fablica!<\/span><br \/>\n<span style=\"color: #333399;\">Inscribir\u00e9 por este medio ! O en nuestra web ! Con Dignidad<\/span><br \/>\n<span style=\"color: #333399;\"><span style=\"color: #333399;\">A.Abreu<\/span><\/span><\/p>\n","protected":false},"excerpt":{"rendered":"<p>NOS NECESITAMOS! El pr\u00f3ximo domingo 27 de octubre ser\u00e1 uno de los momentos m\u00e1s relevantes de sus \u00faltimos a\u00f1os de democracia . Estamos en un Partido Nacional fuerte y unido. Estar\u00e1 decidi\u00e9ndose el gobierno de los pr\u00f3ximos cinco a\u00f1os y por ello el futuro de la Rep\u00fablica. Por eso necesitamos celosos y atentos defensores de [&hellip;]<\/p>\n","protected":false},"author":1,"featured_media":0,"comment_status":"open","ping_status":"open","sticky":false,"template":"","format":"standard","meta":{"footnotes":""},"categories":[1],"tags":[],"class_list":["post-1426","post","type-post","status-publish","format-standard","hentry","category-uncategorized"],"_links":{"self":[{"href":"https:\/\/dignidadnacionalista.com\/index.php?rest_route=\/wp\/v2\/posts\/1426","targetHints":{"allow":["GET"]}}],"collection":[{"href":"https:\/\/dignidadnacionalista.com\/index.php?rest_route=\/wp\/v2\/posts"}],"about":[{"href":"https:\/\/dignidadnacionalista.com\/index.php?rest_route=\/wp\/v2\/types\/post"}],"author":[{"embeddable":true,"href":"https:\/\/dignidadnacionalista.com\/index.php?rest_route=\/wp\/v2\/users\/1"}],"replies":[{"embeddable":true,"href":"https:\/\/dignidadnacionalista.com\/index.php?rest_route=%2Fwp%2Fv2%2Fcomments&post=1426"}],"version-history":[{"count":2,"href":"https:\/\/dignidadnacionalista.com\/index.php?rest_route=\/wp\/v2\/posts\/1426\/revisions"}],"predecessor-version":[{"id":1429,"href":"https:\/\/dignidadnacionalista.com\/index.php?rest_route=\/wp\/v2\/posts\/1426\/revisions\/1429"}],"wp:attachment":[{"href":"https:\/\/dignidadnacionalista.com\/index.php?rest_route=%2Fwp%2Fv2%2Fmedia&parent=1426"}],"wp:term":[{"taxonomy":"category","embeddable":true,"href":"https:\/\/dignidadnacionalista.com\/index.php?rest_route=%2Fwp%2Fv2%2Fcategories&post=1426"},{"taxonomy":"post_tag","embeddable":true,"href":"https:\/\/dignidadnacionalista.com\/index.php?rest_route=%2Fwp%2Fv2%2Ftags&post=1426"}],"curies":[{"name":"wp","href":"https:\/\/api.w.org\/{rel}","templated":true}]}}