{"id":1282,"date":"2019-03-20T12:40:56","date_gmt":"2019-03-20T12:40:56","guid":{"rendered":"http:\/\/dignidadnacionalista.com\/?p=1282"},"modified":"2019-03-20T12:51:36","modified_gmt":"2019-03-20T12:51:36","slug":"dignidad-nacionalista-canaria","status":"publish","type":"post","link":"https:\/\/dignidadnacionalista.com\/?p=1282","title":{"rendered":"DIGNIDAD NACIONALISTA CANARIA"},"content":{"rendered":"<p style=\"text-align: center;\"><span class=\"alignnone\" style=\"color: #333399;\"><a href=\"http:\/\/dignidadnacionalista.com\/wp-content\/uploads\/2019\/03\/60eea7fb-eebd-452a-bca7-7994825330b8.jpg\" rel=\"lightbox[1282]\"><img loading=\"lazy\" decoding=\"async\" class=\"alignnone size-thumbnail wp-image-1283 alignleft\" src=\"http:\/\/dignidadnacionalista.com\/wp-content\/uploads\/2019\/03\/60eea7fb-eebd-452a-bca7-7994825330b8-150x150.jpg\" alt=\"60eea7fb-eebd-452a-bca7-7994825330b8\" width=\"150\" height=\"150\" \/><\/a>Amigos de DIGNIDAD NACIONALISTA ! Con gran alegria y entusiasmo comunicamos que hoy 19 de marzo ,se present\u00f3 ante el Honorable Directorio del Partido Nacional el nacimiento de DIGNIDAD NACIONALISTA CANARIA . Un hermoso desaf\u00edo con Dignidad . Con los directivos Daniel SANCHEZ, Daniel Alejandro Fernandez , Juan de Dios Gonzalez y An\u00edbal V Abreu .SALUD!!!<\/span><\/p>\n","protected":false},"excerpt":{"rendered":"<p>Amigos de DIGNIDAD NACIONALISTA ! Con gran alegria y entusiasmo comunicamos que hoy 19 de marzo ,se present\u00f3 ante el Honorable Directorio del Partido Nacional el nacimiento de DIGNIDAD NACIONALISTA CANARIA . Un hermoso desaf\u00edo con Dignidad . Con los directivos Daniel SANCHEZ, Daniel Alejandro Fernandez , Juan de Dios Gonzalez y An\u00edbal V Abreu [&hellip;]<\/p>\n","protected":false},"author":1,"featured_media":0,"comment_status":"open","ping_status":"open","sticky":false,"template":"","format":"standard","meta":{"footnotes":""},"categories":[1],"tags":[],"class_list":["post-1282","post","type-post","status-publish","format-standard","hentry","category-uncategorized"],"_links":{"self":[{"href":"https:\/\/dignidadnacionalista.com\/index.php?rest_route=\/wp\/v2\/posts\/1282","targetHints":{"allow":["GET"]}}],"collection":[{"href":"https:\/\/dignidadnacionalista.com\/index.php?rest_route=\/wp\/v2\/posts"}],"about":[{"href":"https:\/\/dignidadnacionalista.com\/index.php?rest_route=\/wp\/v2\/types\/post"}],"author":[{"embeddable":true,"href":"https:\/\/dignidadnacionalista.com\/index.php?rest_route=\/wp\/v2\/users\/1"}],"replies":[{"embeddable":true,"href":"https:\/\/dignidadnacionalista.com\/index.php?rest_route=%2Fwp%2Fv2%2Fcomments&post=1282"}],"version-history":[{"count":7,"href":"https:\/\/dignidadnacionalista.com\/index.php?rest_route=\/wp\/v2\/posts\/1282\/revisions"}],"predecessor-version":[{"id":1290,"href":"https:\/\/dignidadnacionalista.com\/index.php?rest_route=\/wp\/v2\/posts\/1282\/revisions\/1290"}],"wp:attachment":[{"href":"https:\/\/dignidadnacionalista.com\/index.php?rest_route=%2Fwp%2Fv2%2Fmedia&parent=1282"}],"wp:term":[{"taxonomy":"category","embeddable":true,"href":"https:\/\/dignidadnacionalista.com\/index.php?rest_route=%2Fwp%2Fv2%2Fcategories&post=1282"},{"taxonomy":"post_tag","embeddable":true,"href":"https:\/\/dignidadnacionalista.com\/index.php?rest_route=%2Fwp%2Fv2%2Ftags&post=1282"}],"curies":[{"name":"wp","href":"https:\/\/api.w.org\/{rel}","templated":true}]}}